{"id":238,"date":"2026-03-08T12:56:22","date_gmt":"2026-03-08T18:56:22","guid":{"rendered":"https:\/\/enunminutomx.com\/?p=238"},"modified":"2026-03-08T12:56:23","modified_gmt":"2026-03-08T18:56:23","slug":"dictan-prision-preventiva-a-karina-n","status":"publish","type":"post","link":"https:\/\/enunminutomx.com\/en\/dictan-prision-preventiva-a-karina-n\/","title":{"rendered":"Dictan prisi\u00f3n preventiva a Karina \u201cN\u201d"},"content":{"rendered":"<h2 class=\"wp-block-heading\">Tres imputados enfrentar\u00e1n proceso por extorsi\u00f3n y falsedad de declaraciones.<\/h2>\n\n\n\n<p class=\"\">Un juez federal vincul\u00f3 a proceso y ratific\u00f3 la prisi\u00f3n preventiva contra Karina \u201cN\u201d, exfuncionaria municipal, tras la denuncia presentada por el senador\u00a0Waldo Fern\u00e1ndez\u00a0por los delitos de extorsi\u00f3n y falsedad de declaraciones. La medida cautelar tambi\u00e9n fue impuesta a D\u00e9bora \u201cN\u201d y Gustavo \u201cN\u201d.<\/p>\n\n\n\n<p class=\"\">La audiencia se realiz\u00f3 en el Poder Judicial de la Federaci\u00f3n y, tras varias horas de exposici\u00f3n de pruebas y argumentos, el juzgador determin\u00f3 que existen elementos suficientes para continuar el proceso penal contra los tres implicados. Durante la sesi\u00f3n, el juez se\u00f1al\u00f3 que hab\u00eda indicios de posible da\u00f1o psicol\u00f3gico contra el legislador derivado de la presunta calumnia.<\/p>\n\n\n\n<p class=\"\">Karina \u201cN\u201d permanece recluida en el Centro de Reinserci\u00f3n Social Femenil de Escobedo mientras avanza la investigaci\u00f3n. La defensa cuestion\u00f3 la acusaci\u00f3n por extorsi\u00f3n, al se\u00f1alar inconsistencias en el origen de una llamada telef\u00f3nica, aunque el juez consider\u00f3 que ello no descarta la posible participaci\u00f3n de los imputados.<\/p>","protected":false},"excerpt":{"rendered":"<p>Tres imputados enfrentar\u00e1n proceso por extorsi\u00f3n y falsedad de declaraciones. Un juez federal vincul\u00f3 a proceso y ratific\u00f3 la prisi\u00f3n preventiva contra Karina \u201cN\u201d, exfuncionaria municipal, tras la denuncia presentada por el senador\u00a0Waldo Fern\u00e1ndez\u00a0por los delitos de extorsi\u00f3n y falsedad de declaraciones. La medida cautelar tambi\u00e9n fue impuesta a D\u00e9bora \u201cN\u201d y Gustavo \u201cN\u201d. La [&hellip;]<\/p>\n","protected":false},"author":1,"featured_media":248,"comment_status":"open","ping_status":"open","sticky":false,"template":"","format":"standard","meta":{"nf_dc_page":"","footnotes":""},"categories":[26,10,6,20],"tags":[],"class_list":{"0":"post-238","1":"post","2":"type-post","3":"status-publish","4":"format-standard","5":"has-post-thumbnail","7":"category-monterrey","8":"category-nacional","9":"category-politica","10":"category-seguridad"},"_links":{"self":[{"href":"https:\/\/enunminutomx.com\/en\/wp-json\/wp\/v2\/posts\/238","targetHints":{"allow":["GET"]}}],"collection":[{"href":"https:\/\/enunminutomx.com\/en\/wp-json\/wp\/v2\/posts"}],"about":[{"href":"https:\/\/enunminutomx.com\/en\/wp-json\/wp\/v2\/types\/post"}],"author":[{"embeddable":true,"href":"https:\/\/enunminutomx.com\/en\/wp-json\/wp\/v2\/users\/1"}],"replies":[{"embeddable":true,"href":"https:\/\/enunminutomx.com\/en\/wp-json\/wp\/v2\/comments?post=238"}],"version-history":[{"count":1,"href":"https:\/\/enunminutomx.com\/en\/wp-json\/wp\/v2\/posts\/238\/revisions"}],"predecessor-version":[{"id":239,"href":"https:\/\/enunminutomx.com\/en\/wp-json\/wp\/v2\/posts\/238\/revisions\/239"}],"wp:featuredmedia":[{"embeddable":true,"href":"https:\/\/enunminutomx.com\/en\/wp-json\/wp\/v2\/media\/248"}],"wp:attachment":[{"href":"https:\/\/enunminutomx.com\/en\/wp-json\/wp\/v2\/media?parent=238"}],"wp:term":[{"taxonomy":"category","embeddable":true,"href":"https:\/\/enunminutomx.com\/en\/wp-json\/wp\/v2\/categories?post=238"},{"taxonomy":"post_tag","embeddable":true,"href":"https:\/\/enunminutomx.com\/en\/wp-json\/wp\/v2\/tags?post=238"}],"curies":[{"name":"wp","href":"https:\/\/api.w.org\/{rel}","templated":true}]}}