{"id":264,"date":"2026-03-08T18:50:35","date_gmt":"2026-03-09T00:50:35","guid":{"rendered":"https:\/\/enunminutomx.com\/?p=264"},"modified":"2026-03-08T18:50:36","modified_gmt":"2026-03-09T00:50:36","slug":"mojtaba-khamenei-es-nombrado-nuevo-lider-supremo-de-iran-en-medio-de-la-guerra","status":"publish","type":"post","link":"https:\/\/enunminutomx.com\/en\/mojtaba-khamenei-es-nombrado-nuevo-lider-supremo-de-iran-en-medio-de-la-guerra\/","title":{"rendered":"Mojtaba Khamenei es nombrado nuevo l\u00edder supremo de Ir\u00e1n en medio de la guerra"},"content":{"rendered":"<h2 class=\"wp-block-heading\">La Asamblea de Expertos lo designa tras la muerte de su padre en un ataque israel\u00ed.<\/h2>\n\n\n\n<p class=\"\">Mojtaba Khamenei\u00a0fue nombrado nuevo l\u00edder supremo de\u00a0Ir\u00e1n, seg\u00fan anunci\u00f3 la televisi\u00f3n estatal, d\u00edas despu\u00e9s de que su padre,\u00a0Ali Khamenei, muriera en un ataque atribuido a Israel al inicio del actual conflicto regional.<\/p>\n\n\n\n<p class=\"\">La designaci\u00f3n fue realizada por la&nbsp;Asamblea de Expertos, \u00f3rgano encargado de elegir al l\u00edder supremo, que afirm\u00f3 haber tomado la decisi\u00f3n con \u201cvotos firmes\u201d e inst\u00f3 a la unidad nacional. Con 56 a\u00f1os, Mojtaba asume el m\u00e1ximo poder pol\u00edtico y militar del pa\u00eds, incluido el mando de las Fuerzas Armadas y de la Guardia Revolucionaria, en apenas la segunda transici\u00f3n de este cargo desde la Revoluci\u00f3n Isl\u00e1mica de 1979.<\/p>\n\n\n\n<p class=\"\">El nombramiento ocurre en un contexto de escalada b\u00e9lica entre Ir\u00e1n, Israel y Estados Unidos, con ataques a instalaciones petroleras, alzas en el precio del crudo por encima de los 100 d\u00f3lares y miles de desplazados en la regi\u00f3n. Mientras la Guardia Revolucionaria y Hezbol\u00e1 respaldaron la sucesi\u00f3n, el presidente estadounidense Donald Trump expres\u00f3 cr\u00edticas, anticipando tensiones diplom\u00e1ticas en la nueva etapa del liderazgo iran\u00ed.<\/p>","protected":false},"excerpt":{"rendered":"<p>La Asamblea de Expertos lo designa tras la muerte de su padre en un ataque israel\u00ed. Mojtaba Khamenei\u00a0fue nombrado nuevo l\u00edder supremo de\u00a0Ir\u00e1n, seg\u00fan anunci\u00f3 la televisi\u00f3n estatal, d\u00edas despu\u00e9s de que su padre,\u00a0Ali Khamenei, muriera en un ataque atribuido a Israel al inicio del actual conflicto regional. La designaci\u00f3n fue realizada por la&nbsp;Asamblea de [&hellip;]<\/p>\n","protected":false},"author":1,"featured_media":265,"comment_status":"open","ping_status":"open","sticky":false,"template":"","format":"standard","meta":{"nf_dc_page":"","footnotes":""},"categories":[11],"tags":[],"class_list":{"0":"post-264","1":"post","2":"type-post","3":"status-publish","4":"format-standard","5":"has-post-thumbnail","7":"category-internacional"},"_links":{"self":[{"href":"https:\/\/enunminutomx.com\/en\/wp-json\/wp\/v2\/posts\/264","targetHints":{"allow":["GET"]}}],"collection":[{"href":"https:\/\/enunminutomx.com\/en\/wp-json\/wp\/v2\/posts"}],"about":[{"href":"https:\/\/enunminutomx.com\/en\/wp-json\/wp\/v2\/types\/post"}],"author":[{"embeddable":true,"href":"https:\/\/enunminutomx.com\/en\/wp-json\/wp\/v2\/users\/1"}],"replies":[{"embeddable":true,"href":"https:\/\/enunminutomx.com\/en\/wp-json\/wp\/v2\/comments?post=264"}],"version-history":[{"count":1,"href":"https:\/\/enunminutomx.com\/en\/wp-json\/wp\/v2\/posts\/264\/revisions"}],"predecessor-version":[{"id":266,"href":"https:\/\/enunminutomx.com\/en\/wp-json\/wp\/v2\/posts\/264\/revisions\/266"}],"wp:featuredmedia":[{"embeddable":true,"href":"https:\/\/enunminutomx.com\/en\/wp-json\/wp\/v2\/media\/265"}],"wp:attachment":[{"href":"https:\/\/enunminutomx.com\/en\/wp-json\/wp\/v2\/media?parent=264"}],"wp:term":[{"taxonomy":"category","embeddable":true,"href":"https:\/\/enunminutomx.com\/en\/wp-json\/wp\/v2\/categories?post=264"},{"taxonomy":"post_tag","embeddable":true,"href":"https:\/\/enunminutomx.com\/en\/wp-json\/wp\/v2\/tags?post=264"}],"curies":[{"name":"wp","href":"https:\/\/api.w.org\/{rel}","templated":true}]}}