{"id":268,"date":"2026-03-16T20:02:15","date_gmt":"2026-03-17T02:02:15","guid":{"rendered":"https:\/\/enunminutomx.com\/?p=268"},"modified":"2026-03-16T20:02:17","modified_gmt":"2026-03-17T02:02:17","slug":"desde-un-cafe-en-reforma-detectando-el-cambio-de-timon-en-guadalupe","status":"publish","type":"post","link":"https:\/\/enunminutomx.com\/en\/desde-un-cafe-en-reforma-detectando-el-cambio-de-timon-en-guadalupe\/","title":{"rendered":"Desde un caf\u00e9 en Reforma, detectando el cambio de tim\u00f3n en Guadalupe"},"content":{"rendered":"<p class=\"\">Hace apenas dos semanas, algo se movi\u00f3 en el cuarto de guerra de la senadora <strong>Judith D\u00edaz<\/strong>. No fue un comunicado ruidoso ni un reacomodo de nombres en la foto de portada. Fue m\u00e1s sutil, m\u00e1s quir\u00fargico: de pronto los mensajes dejaron de ser reactivos y empezaron a respirar con la elegancia de quien ya no improvisa. Ahora s\u00ed se nota.<br>Est\u00e1n canalizando las tres d\u00e9cadas completas de labor pol\u00edtica de Blanca Judith D\u00edaz Delgado, y lo hacen con una precisi\u00f3n que antes no se ve\u00eda.<br><\/p>\n\n\n\n<p class=\"\">Quien haya seguido su trayectoria sabe que no es poca cosa. Arranc\u00f3 en el <strong>PAN<\/strong> en 1996 como <strong>Secretaria de Desarrollo Social en Guadalupe<\/strong>, pas\u00f3 por <strong>diputada local, federal y senadora<\/strong> (presidiendo Equidad y G\u00e9nero), y en 2015 dio el salto a <strong>Morena<\/strong> convencida del proyecto transformador.<br><\/p>\n\n\n\n<p class=\"\">De 2018 a 2023 fue la <strong>Delegada de Bienestar en Nuevo Le\u00f3n<\/strong>: levant\u00f3 los padrones, arm\u00f3 la estructura, conoci\u00f3 cada m\u00f3dulo y cada beneficiario de primera mano.<br>Hoy preside la <strong>Comisi\u00f3n de Zonas Metropolitanas y Movilidad<\/strong> y sigue en comisiones clave.<br>Pero sobre todo ha caminado el estado \u201cen tierra\u201d, como ella misma dice: no desde escritorio, sino colonia por colonia, escuchando, resolviendo, rindiendo cuentas.<br><\/p>\n\n\n\n<p class=\"\">Y de repente, el tono cambi\u00f3. Los mensajes ya no suenan a campa\u00f1a tradicional nuevoleonesa. Tienen otra cadencia. M\u00e1s estrat\u00e9gica, m\u00e1s distante, m\u00e1s\u2026 parisina. Como si en el cuarto de guerra hubiera entrado alguien que entiende que la pol\u00edtica no se gana solo con botas en el barro, sino con una lectura fr\u00eda y adelantada del tablero. Alguien que sabe que, en 2027, la encuesta de Morena premiar\u00e1 al que no solo conozca el territorio, sino que sepa c\u00f3mo leerlo con anticipaci\u00f3n.<br>\u00bfQui\u00e9n es el operador en cuesti\u00f3n? El que parece haber tra\u00eddo la mano del Instituto de Estudios Pol\u00edticos de Par\u00eds (Sciences Po) a las oficinas de la senadora.<br><\/p>\n\n\n\n<p class=\"\">Ese toque que transforma tres d\u00e9cadas de experiencia territorial en una estrategia de largo aliento.<br>No es casualidad. Judith D\u00edaz ya no est\u00e1 jugando a defenderse; est\u00e1 jugando a ganar con las reglas claras que ella misma acept\u00f3 p\u00fablicamente: <em>\u201cCon estas reglas juego y le entro con todo\u201d<\/em>.<br><\/p>\n\n\n\n<p class=\"\">Porque quien tiene el mapa completo del estado, qui\u00e9n recibe, qui\u00e9n entrega, qu\u00e9 duele en cada rinc\u00f3n y adem\u00e1s cuenta con un tim\u00f3n que piensa dos pasos adelante, no necesita gritar. Solo necesita que la encuesta llegue en el momento preciso.<br>Nuevo Le\u00f3n ya empez\u00f3 a notar el cambio. El resto del pa\u00eds todav\u00eda lo ver\u00e1 en las pr\u00f3ximas semanas.<br><em>Desde Par\u00eds se ver\u00eda como una senadora que actualiz\u00f3 su p\u00e1gina de <strong>Facebook<\/strong><\/em>. Desde Reforma, se ve como lo que es: el momento en que el cuarto de guerra de Judith D\u00edaz dej\u00f3 de ser local y empez\u00f3 a jugar en otra liga.<br>El Parisino.<\/p>","protected":false},"excerpt":{"rendered":"<p>Hace apenas dos semanas, algo se movi\u00f3 en el cuarto de guerra de la senadora Judith D\u00edaz. No fue un comunicado ruidoso ni un reacomodo de nombres en la foto de portada. Fue m\u00e1s sutil, m\u00e1s quir\u00fargico: de pronto los mensajes dejaron de ser reactivos y empezaron a respirar con la elegancia de quien ya [&hellip;]<\/p>\n","protected":false},"author":3,"featured_media":262,"comment_status":"open","ping_status":"open","sticky":false,"template":"","format":"standard","meta":{"nf_dc_page":"","footnotes":""},"categories":[27,28,6,1],"tags":[31,37,35,39,29,33,32,36],"class_list":{"0":"post-268","1":"post","2":"type-post","3":"status-publish","4":"format-standard","5":"has-post-thumbnail","7":"category-editorial","8":"category-el-parisino-en-un-minuto","9":"category-politica","10":"category-uncategorized","11":"tag-bienestar","12":"tag-el-parisino","13":"tag-elecciones","14":"tag-grilla","15":"tag-judith-diaz","16":"tag-morena","17":"tag-nuevo-leon","18":"tag-reforma"},"_links":{"self":[{"href":"https:\/\/enunminutomx.com\/en\/wp-json\/wp\/v2\/posts\/268","targetHints":{"allow":["GET"]}}],"collection":[{"href":"https:\/\/enunminutomx.com\/en\/wp-json\/wp\/v2\/posts"}],"about":[{"href":"https:\/\/enunminutomx.com\/en\/wp-json\/wp\/v2\/types\/post"}],"author":[{"embeddable":true,"href":"https:\/\/enunminutomx.com\/en\/wp-json\/wp\/v2\/users\/3"}],"replies":[{"embeddable":true,"href":"https:\/\/enunminutomx.com\/en\/wp-json\/wp\/v2\/comments?post=268"}],"version-history":[{"count":2,"href":"https:\/\/enunminutomx.com\/en\/wp-json\/wp\/v2\/posts\/268\/revisions"}],"predecessor-version":[{"id":270,"href":"https:\/\/enunminutomx.com\/en\/wp-json\/wp\/v2\/posts\/268\/revisions\/270"}],"wp:featuredmedia":[{"embeddable":true,"href":"https:\/\/enunminutomx.com\/en\/wp-json\/wp\/v2\/media\/262"}],"wp:attachment":[{"href":"https:\/\/enunminutomx.com\/en\/wp-json\/wp\/v2\/media?parent=268"}],"wp:term":[{"taxonomy":"category","embeddable":true,"href":"https:\/\/enunminutomx.com\/en\/wp-json\/wp\/v2\/categories?post=268"},{"taxonomy":"post_tag","embeddable":true,"href":"https:\/\/enunminutomx.com\/en\/wp-json\/wp\/v2\/tags?post=268"}],"curies":[{"name":"wp","href":"https:\/\/api.w.org\/{rel}","templated":true}]}}