{"id":306,"date":"2026-03-26T08:18:53","date_gmt":"2026-03-26T14:18:53","guid":{"rendered":"https:\/\/enunminutomx.com\/?p=306"},"modified":"2026-03-26T08:18:54","modified_gmt":"2026-03-26T14:18:54","slug":"diputados-reciben-plan-b-electoral-tras-ajustes-en-el-senado","status":"publish","type":"post","link":"https:\/\/enunminutomx.com\/en\/diputados-reciben-plan-b-electoral-tras-ajustes-en-el-senado\/","title":{"rendered":"Diputados reciben &#8220;Plan B&#8221; electoral tras ajustes en el Senado"},"content":{"rendered":"<h2 class=\"wp-block-heading\">La revocaci\u00f3n de mandato queda fuera de la reforma por falta de consenso con el PT.<\/h2>\n\n\n\n<p class=\"\">La C\u00e1mara de Diputados recibi\u00f3 formalmente la minuta del &#8220;Plan B&#8221; electoral enviada por el Senado, turn\u00e1ndola de inmediato a las Comisiones Unidas de Puntos Constitucionales y de Reforma Pol\u00edtica-Electoral. Tras una sesi\u00f3n marat\u00f3nica de 15 horas en la C\u00e1mara Alta, el proyecto sufri\u00f3 una modificaci\u00f3n clave: se suprimi\u00f3 la propuesta de adelantar la revocaci\u00f3n de mandato de 2028 a 2027. Esta decisi\u00f3n fue impulsada por el Partido del Trabajo (PT), aliado de Morena, que se manifest\u00f3 en contra de modificar los tiempos del ejercicio, lo que oblig\u00f3 a mantener \u00fanicamente los ejes de austeridad y reducci\u00f3n de la estructura burocr\u00e1tica.<\/p>\n\n\n\n<p class=\"\">El coordinador de la bancada de Morena, Ricardo Monreal, reconoci\u00f3 que el dictamen actual no refleja la totalidad de la intenci\u00f3n original de la presidenta Claudia Sheinbaum, pero calific\u00f3 el proceso como un triunfo de la &#8220;divisi\u00f3n de poderes&#8221; y la congruencia pol\u00edtica. Pese al rev\u00e9s en el tema de la revocaci\u00f3n, la reforma conserva puntos neur\u00e1lgicos como el ajuste al n\u00famero de regidur\u00edas municipales, el tope al gasto de los Congresos estatales y la reducci\u00f3n salarial para consejeros y magistrados electorales. Monreal subray\u00f3 la necesidad de iniciar una &#8220;operaci\u00f3n cicatriz&#8221; con el PT para mantener la unidad de la coalici\u00f3n rumbo a los comicios de 2027 y 2030.<\/p>\n\n\n\n<p class=\"\">El calendario legislativo establece que ser\u00e1 hasta el martes 7 de abril cuando las comisiones retomen el an\u00e1lisis y votaci\u00f3n del documento, para ser llevado al pleno de San L\u00e1zaro el mi\u00e9rcoles 8 de abril. Con este ajuste de fechas, la C\u00e1mara Baja busca dar espacio a la negociaci\u00f3n pol\u00edtica interna tras las diferencias exhibidas entre los partidos que integran el bloque oficialista. Por ahora, el enfoque se mantiene en la promesa de reducir los costos del sistema pol\u00edtico-electoral, aunque la pieza central de la consulta popular para la presidenta haya quedado fuera de esta etapa.<\/p>","protected":false},"excerpt":{"rendered":"<p>La revocaci\u00f3n de mandato queda fuera de la reforma por falta de consenso con el PT. La C\u00e1mara de Diputados recibi\u00f3 formalmente la minuta del &#8220;Plan B&#8221; electoral enviada por el Senado, turn\u00e1ndola de inmediato a las Comisiones Unidas de Puntos Constitucionales y de Reforma Pol\u00edtica-Electoral. Tras una sesi\u00f3n marat\u00f3nica de 15 horas en la [&hellip;]<\/p>\n","protected":false},"author":1,"featured_media":307,"comment_status":"open","ping_status":"open","sticky":false,"template":"","format":"standard","meta":{"nf_dc_page":"","footnotes":""},"categories":[10,6],"tags":[],"class_list":{"0":"post-306","1":"post","2":"type-post","3":"status-publish","4":"format-standard","5":"has-post-thumbnail","7":"category-nacional","8":"category-politica"},"_links":{"self":[{"href":"https:\/\/enunminutomx.com\/en\/wp-json\/wp\/v2\/posts\/306","targetHints":{"allow":["GET"]}}],"collection":[{"href":"https:\/\/enunminutomx.com\/en\/wp-json\/wp\/v2\/posts"}],"about":[{"href":"https:\/\/enunminutomx.com\/en\/wp-json\/wp\/v2\/types\/post"}],"author":[{"embeddable":true,"href":"https:\/\/enunminutomx.com\/en\/wp-json\/wp\/v2\/users\/1"}],"replies":[{"embeddable":true,"href":"https:\/\/enunminutomx.com\/en\/wp-json\/wp\/v2\/comments?post=306"}],"version-history":[{"count":1,"href":"https:\/\/enunminutomx.com\/en\/wp-json\/wp\/v2\/posts\/306\/revisions"}],"predecessor-version":[{"id":308,"href":"https:\/\/enunminutomx.com\/en\/wp-json\/wp\/v2\/posts\/306\/revisions\/308"}],"wp:featuredmedia":[{"embeddable":true,"href":"https:\/\/enunminutomx.com\/en\/wp-json\/wp\/v2\/media\/307"}],"wp:attachment":[{"href":"https:\/\/enunminutomx.com\/en\/wp-json\/wp\/v2\/media?parent=306"}],"wp:term":[{"taxonomy":"category","embeddable":true,"href":"https:\/\/enunminutomx.com\/en\/wp-json\/wp\/v2\/categories?post=306"},{"taxonomy":"post_tag","embeddable":true,"href":"https:\/\/enunminutomx.com\/en\/wp-json\/wp\/v2\/tags?post=306"}],"curies":[{"name":"wp","href":"https:\/\/api.w.org\/{rel}","templated":true}]}}