{"id":354,"date":"2026-04-07T10:04:31","date_gmt":"2026-04-07T16:04:31","guid":{"rendered":"https:\/\/enunminutomx.com\/?p=354"},"modified":"2026-04-07T10:04:32","modified_gmt":"2026-04-07T16:04:32","slug":"anuncia-gobierno-de-mexico-registro-para-el-servicio-universal-de-salud-calendario-y-requisitos","status":"publish","type":"post","link":"https:\/\/enunminutomx.com\/en\/anuncia-gobierno-de-mexico-registro-para-el-servicio-universal-de-salud-calendario-y-requisitos\/","title":{"rendered":"Anuncia Gobierno de M\u00e9xico registro para el Servicio Universal de Salud: Calendario y Requisitos"},"content":{"rendered":"<h2 class=\"wp-block-heading\">Las personas de 85 a\u00f1os o m\u00e1s podr\u00e1n inscribirse del 13 al 30 de abril.<\/h2>\n\n\n\n<p class=\"\">Durante la conferencia matutina de este martes 7 de abril, la secretaria de Bienestar, Ariadna Montiel Reyes, anunci\u00f3 el inicio del registro para el\u00a0<strong>Servicio Universal de Salud<\/strong>\u00a0dirigido a adultos mayores de 85 a\u00f1os. El proceso se llevar\u00e1 a cabo en las capitales de los estados integrados al sistema IMSS-Bienestar, incluyendo las 16 alcald\u00edas de la Ciudad de M\u00e9xico, Toluca, Chilpancingo y Oaxaca, entre otras sedes principales.<\/p>\n\n\n\n<p class=\"\">El registro estar\u00e1 organizado por la letra inicial del primer apellido y se realizar\u00e1 en los m\u00f3dulos de Bienestar en un horario de&nbsp;<strong>lunes a s\u00e1bado, de 9:00 a 17:00 horas<\/strong>. Una medida relevante anunciada por la Secretar\u00eda es que los familiares o personas cuidadoras que acompa\u00f1en al adulto mayor tambi\u00e9n podr\u00e1n realizar su registro en el mismo momento, optimizando el tr\u00e1mite para el n\u00facleo familiar.<\/p>\n\n\n\n<figure class=\"wp-block-image size-full is-resized\"><img loading=\"lazy\" decoding=\"async\" width=\"640\" height=\"360\" src=\"https:\/\/enunminutomx.com\/wp-content\/uploads\/2026\/04\/calendario-02-abril.jpg.webp\" alt=\"\" class=\"wp-image-356\" style=\"width:1068px;height:auto\" srcset=\"https:\/\/enunminutomx.com\/wp-content\/uploads\/2026\/04\/calendario-02-abril.jpg.webp 640w, https:\/\/enunminutomx.com\/wp-content\/uploads\/2026\/04\/calendario-02-abril.jpg-300x169.webp 300w, https:\/\/enunminutomx.com\/wp-content\/uploads\/2026\/04\/calendario-02-abril.jpg-18x10.webp 18w, https:\/\/enunminutomx.com\/wp-content\/uploads\/2026\/04\/calendario-02-abril.jpg-150x84.webp 150w\" sizes=\"auto, (max-width: 640px) 100vw, 640px\" \/><\/figure>\n\n\n\n<hr class=\"wp-block-separator has-alpha-channel-opacity\"\/>\n\n\n\n<h3 class=\"wp-block-heading\">Calendario y Requisitos de Inscripci\u00f3n<\/h3>\n\n\n\n<p class=\"\">Para ubicar el m\u00f3dulo exacto, los interesados deben consultar la p\u00e1gina oficial&nbsp;<a target=\"_blank\" rel=\"noreferrer noopener\" href=\"https:\/\/gob.mx\/bienestar\">gob.mx\/bienestar<\/a>. Los documentos necesarios para completar el tr\u00e1mite son:<\/p>\n\n\n\n<ul class=\"wp-block-list\">\n<li class=\"\"><strong>Identificaci\u00f3n oficial vigente:<\/strong>\u00a0INE, INAPAM o pasaporte (original y copia).<\/li>\n\n\n\n<li class=\"\"><strong>Documentaci\u00f3n de identidad:<\/strong>\u00a0Acta de nacimiento o certificado de nacionalidad.<\/li>\n\n\n\n<li class=\"\"><strong>CURP:<\/strong>\u00a0Debe estar debidamente certificada.<\/li>\n\n\n\n<li class=\"\"><strong>Comprobante de domicilio:<\/strong>\u00a0No mayor a seis meses de antig\u00fcedad.<\/li>\n\n\n\n<li class=\"\"><strong>Datos de contacto:<\/strong>\u00a0Un n\u00famero telef\u00f3nico para seguimiento.<\/li>\n<\/ul>\n\n\n\n<p class=\"\">Esta fase inicial prioriza a los adultos de edad m\u00e1s avanzada para garantizar su acceso inmediato a servicios m\u00e9dicos integrales, como parte de la estrategia de federalizaci\u00f3n de la salud impulsada por la administraci\u00f3n de la presidenta Claudia Sheinbaum.<\/p>","protected":false},"excerpt":{"rendered":"<p>Las personas de 85 a\u00f1os o m\u00e1s podr\u00e1n inscribirse del 13 al 30 de abril. Durante la conferencia matutina de este martes 7 de abril, la secretaria de Bienestar, Ariadna Montiel Reyes, anunci\u00f3 el inicio del registro para el\u00a0Servicio Universal de Salud\u00a0dirigido a adultos mayores de 85 a\u00f1os. El proceso se llevar\u00e1 a cabo en [&hellip;]<\/p>\n","protected":false},"author":1,"featured_media":355,"comment_status":"open","ping_status":"open","sticky":false,"template":"","format":"standard","meta":{"nf_dc_page":"","footnotes":""},"categories":[7,21,10,24],"tags":[],"class_list":{"0":"post-354","1":"post","2":"type-post","3":"status-publish","4":"format-standard","5":"has-post-thumbnail","7":"category-bienestar","8":"category-gobierno","9":"category-nacional","10":"category-vida-y-salud"},"_links":{"self":[{"href":"https:\/\/enunminutomx.com\/en\/wp-json\/wp\/v2\/posts\/354","targetHints":{"allow":["GET"]}}],"collection":[{"href":"https:\/\/enunminutomx.com\/en\/wp-json\/wp\/v2\/posts"}],"about":[{"href":"https:\/\/enunminutomx.com\/en\/wp-json\/wp\/v2\/types\/post"}],"author":[{"embeddable":true,"href":"https:\/\/enunminutomx.com\/en\/wp-json\/wp\/v2\/users\/1"}],"replies":[{"embeddable":true,"href":"https:\/\/enunminutomx.com\/en\/wp-json\/wp\/v2\/comments?post=354"}],"version-history":[{"count":1,"href":"https:\/\/enunminutomx.com\/en\/wp-json\/wp\/v2\/posts\/354\/revisions"}],"predecessor-version":[{"id":357,"href":"https:\/\/enunminutomx.com\/en\/wp-json\/wp\/v2\/posts\/354\/revisions\/357"}],"wp:featuredmedia":[{"embeddable":true,"href":"https:\/\/enunminutomx.com\/en\/wp-json\/wp\/v2\/media\/355"}],"wp:attachment":[{"href":"https:\/\/enunminutomx.com\/en\/wp-json\/wp\/v2\/media?parent=354"}],"wp:term":[{"taxonomy":"category","embeddable":true,"href":"https:\/\/enunminutomx.com\/en\/wp-json\/wp\/v2\/categories?post=354"},{"taxonomy":"post_tag","embeddable":true,"href":"https:\/\/enunminutomx.com\/en\/wp-json\/wp\/v2\/tags?post=354"}],"curies":[{"name":"wp","href":"https:\/\/api.w.org\/{rel}","templated":true}]}}