{"id":359,"date":"2026-04-08T12:19:04","date_gmt":"2026-04-08T18:19:04","guid":{"rendered":"https:\/\/enunminutomx.com\/?p=359"},"modified":"2026-04-08T12:19:05","modified_gmt":"2026-04-08T18:19:05","slug":"uif-solo-bloquea-cuentas-ligadas-a-lavado-de-dinero-sheinbaum","status":"publish","type":"post","link":"https:\/\/enunminutomx.com\/en\/uif-solo-bloquea-cuentas-ligadas-a-lavado-de-dinero-sheinbaum\/","title":{"rendered":"UIF solo bloquea cuentas ligadas a lavado de dinero: Sheinbaum"},"content":{"rendered":"<h2 class=\"wp-block-heading\">La presidenta defiende la facultad preventiva tras el fallo de la Suprema Corte.<\/h2>\n\n\n\n<p class=\"\">La presidenta Claudia Sheinbaum asegur\u00f3 que la Unidad de Inteligencia Financiera (UIF) nunca ha congelado cuentas que no est\u00e9n directamente vinculadas con el lavado de dinero, la corrupci\u00f3n o la delincuencia organizada. Tras el reciente aval de la Suprema Corte de Justicia de la Naci\u00f3n (SCJN) a estas facultades, la mandataria enfatiz\u00f3 que la medida es meramente preventiva y busca evitar que los implicados retiren fondos il\u00edcitos mediante amparos antes de que concluyan las investigaciones.<\/p>\n\n\n\n<p class=\"\">Durante su conferencia en Palacio Nacional, Sheinbaum detall\u00f3 que en lo que va de su administraci\u00f3n se han inmovilizado cerca de cinco mil millones de pesos sin que existan quejas por acciones arbitrarias. Explic\u00f3 que este mecanismo administrativo no sustituye al Ministerio P\u00fablico, sino que protege la integridad del sistema financiero nacional. Adem\u00e1s, reiter\u00f3 que ning\u00fan empresario que act\u00fae bajo el marco de la ley debe temer a estas disposiciones, pues no obedecen a motivos pol\u00edticos.<\/p>\n\n\n\n<p class=\"\">Por su parte, la SCJN precis\u00f3 que la denominada \u201clista de bloqueados\u201d es una herramienta constitucional siempre que se garantice el derecho de audiencia y una justificaci\u00f3n t\u00e9cnica s\u00f3lida. El m\u00e1ximo tribunal determin\u00f3 que estas acciones son necesarias para frenar el flujo de recursos de procedencia il\u00edcita, permitiendo a los afectados impugnar la decisi\u00f3n ante el Poder Judicial. Con este respaldo jur\u00eddico, el Gobierno Federal busca fortalecer el combate a los delitos de cuello blanco y la estructura econ\u00f3mica del crimen.<\/p>","protected":false},"excerpt":{"rendered":"<p>La presidenta defiende la facultad preventiva tras el fallo de la Suprema Corte. La presidenta Claudia Sheinbaum asegur\u00f3 que la Unidad de Inteligencia Financiera (UIF) nunca ha congelado cuentas que no est\u00e9n directamente vinculadas con el lavado de dinero, la corrupci\u00f3n o la delincuencia organizada. Tras el reciente aval de la Suprema Corte de Justicia [&hellip;]<\/p>\n","protected":false},"author":1,"featured_media":360,"comment_status":"open","ping_status":"open","sticky":false,"template":"","format":"standard","meta":{"nf_dc_page":"","footnotes":""},"categories":[18,21,6],"tags":[],"class_list":{"0":"post-359","1":"post","2":"type-post","3":"status-publish","4":"format-standard","5":"has-post-thumbnail","7":"category-economia","8":"category-gobierno","9":"category-politica"},"_links":{"self":[{"href":"https:\/\/enunminutomx.com\/en\/wp-json\/wp\/v2\/posts\/359","targetHints":{"allow":["GET"]}}],"collection":[{"href":"https:\/\/enunminutomx.com\/en\/wp-json\/wp\/v2\/posts"}],"about":[{"href":"https:\/\/enunminutomx.com\/en\/wp-json\/wp\/v2\/types\/post"}],"author":[{"embeddable":true,"href":"https:\/\/enunminutomx.com\/en\/wp-json\/wp\/v2\/users\/1"}],"replies":[{"embeddable":true,"href":"https:\/\/enunminutomx.com\/en\/wp-json\/wp\/v2\/comments?post=359"}],"version-history":[{"count":1,"href":"https:\/\/enunminutomx.com\/en\/wp-json\/wp\/v2\/posts\/359\/revisions"}],"predecessor-version":[{"id":361,"href":"https:\/\/enunminutomx.com\/en\/wp-json\/wp\/v2\/posts\/359\/revisions\/361"}],"wp:featuredmedia":[{"embeddable":true,"href":"https:\/\/enunminutomx.com\/en\/wp-json\/wp\/v2\/media\/360"}],"wp:attachment":[{"href":"https:\/\/enunminutomx.com\/en\/wp-json\/wp\/v2\/media?parent=359"}],"wp:term":[{"taxonomy":"category","embeddable":true,"href":"https:\/\/enunminutomx.com\/en\/wp-json\/wp\/v2\/categories?post=359"},{"taxonomy":"post_tag","embeddable":true,"href":"https:\/\/enunminutomx.com\/en\/wp-json\/wp\/v2\/tags?post=359"}],"curies":[{"name":"wp","href":"https:\/\/api.w.org\/{rel}","templated":true}]}}