{"id":367,"date":"2026-04-08T12:26:37","date_gmt":"2026-04-08T18:26:37","guid":{"rendered":"https:\/\/enunminutomx.com\/?p=367"},"modified":"2026-04-08T12:26:39","modified_gmt":"2026-04-08T18:26:39","slug":"caos-vial-en-miguel-aleman-reducen-carriles-por-obras-de-la-linea-6-del-metro","status":"publish","type":"post","link":"https:\/\/enunminutomx.com\/en\/caos-vial-en-miguel-aleman-reducen-carriles-por-obras-de-la-linea-6-del-metro\/","title":{"rendered":"Caos vial en Miguel Alem\u00e1n: Reducen carriles por obras de la L\u00ednea 6 del Metro"},"content":{"rendered":"<h2 class=\"wp-block-heading\">Los cierres parciales afectar\u00e1n la circulaci\u00f3n hacia el Aeropuerto y San Nicol\u00e1s por 45 d\u00edas.<\/h2>\n\n\n\n<p class=\"\">El Gobierno de Apodaca y la empresa constructora encargada de la L\u00ednea 6 del Metro iniciaron este mi\u00e9rcoles una reducci\u00f3n estrat\u00e9gica de carriles en la avenida Miguel Alem\u00e1n. La medida contempla cuatro puntos cr\u00edticos de la arteria: dos tramos en direcci\u00f3n al Aeropuerto Internacional de Monterrey (a la altura del puente Zaragoza y el Parque Stivia) y dos hacia San Nicol\u00e1s de los Garza (frente a la empresa Whirlpool y en el cruce con Isidoro Sep\u00falveda). Las autoridades municipales informaron que estas restricciones se mantendr\u00e1n vigentes durante los pr\u00f3ximos 45 d\u00edas para permitir el avance de la infraestructura ferroviaria.<\/p>\n\n\n\n<p class=\"\">Ante las inminentes complicaciones viales, la Polic\u00eda de Apodaca exhort\u00f3 a los automovilistas a anticipar sus tiempos de traslado y utilizar rutas alternas, ya que Miguel Alem\u00e1n es una de las v\u00edas con mayor carga vehicular en la zona metropolitana. El despliegue de se\u00f1alizaci\u00f3n y personal de tr\u00e1nsito ser\u00e1 permanente en las zonas de obra para guiar el flujo de veh\u00edculos y minimizar accidentes. El municipio enfatiz\u00f3 que la puntualidad en los traslados hacia la terminal a\u00e9rea ser\u00e1 fundamental para los usuarios durante este periodo de trabajos intensivos.<\/p>\n\n\n\n<p class=\"\">Por su parte, el gobernador Samuel Garc\u00eda destac\u00f3 desde Jap\u00f3n la relevancia de este proyecto, asegurando que la L\u00ednea 6 tendr\u00e1 la capacidad de transportar a m\u00e1s de 200 mil personas diariamente a lo largo de sus 35 kil\u00f3metros de extensi\u00f3n. Seg\u00fan el mandatario, la implementaci\u00f3n de este sistema de transporte de &#8220;primer mundo&#8221; conectar\u00e1 Monterrey, Guadalupe, San Nicol\u00e1s y Apodaca, logrando retirar miles de veh\u00edculos de las calles y modernizando la conectividad con el aeropuerto. Se espera que, una vez concluida, la obra transforme radicalmente la movilidad del sector oriente de la metr\u00f3poli.<\/p>","protected":false},"excerpt":{"rendered":"<p>Los cierres parciales afectar\u00e1n la circulaci\u00f3n hacia el Aeropuerto y San Nicol\u00e1s por 45 d\u00edas. El Gobierno de Apodaca y la empresa constructora encargada de la L\u00ednea 6 del Metro iniciaron este mi\u00e9rcoles una reducci\u00f3n estrat\u00e9gica de carriles en la avenida Miguel Alem\u00e1n. La medida contempla cuatro puntos cr\u00edticos de la arteria: dos tramos en [&hellip;]<\/p>\n","protected":false},"author":1,"featured_media":368,"comment_status":"open","ping_status":"open","sticky":false,"template":"","format":"standard","meta":{"nf_dc_page":"","footnotes":""},"categories":[26,10],"tags":[],"class_list":{"0":"post-367","1":"post","2":"type-post","3":"status-publish","4":"format-standard","5":"has-post-thumbnail","7":"category-monterrey","8":"category-nacional"},"_links":{"self":[{"href":"https:\/\/enunminutomx.com\/en\/wp-json\/wp\/v2\/posts\/367","targetHints":{"allow":["GET"]}}],"collection":[{"href":"https:\/\/enunminutomx.com\/en\/wp-json\/wp\/v2\/posts"}],"about":[{"href":"https:\/\/enunminutomx.com\/en\/wp-json\/wp\/v2\/types\/post"}],"author":[{"embeddable":true,"href":"https:\/\/enunminutomx.com\/en\/wp-json\/wp\/v2\/users\/1"}],"replies":[{"embeddable":true,"href":"https:\/\/enunminutomx.com\/en\/wp-json\/wp\/v2\/comments?post=367"}],"version-history":[{"count":1,"href":"https:\/\/enunminutomx.com\/en\/wp-json\/wp\/v2\/posts\/367\/revisions"}],"predecessor-version":[{"id":369,"href":"https:\/\/enunminutomx.com\/en\/wp-json\/wp\/v2\/posts\/367\/revisions\/369"}],"wp:featuredmedia":[{"embeddable":true,"href":"https:\/\/enunminutomx.com\/en\/wp-json\/wp\/v2\/media\/368"}],"wp:attachment":[{"href":"https:\/\/enunminutomx.com\/en\/wp-json\/wp\/v2\/media?parent=367"}],"wp:term":[{"taxonomy":"category","embeddable":true,"href":"https:\/\/enunminutomx.com\/en\/wp-json\/wp\/v2\/categories?post=367"},{"taxonomy":"post_tag","embeddable":true,"href":"https:\/\/enunminutomx.com\/en\/wp-json\/wp\/v2\/tags?post=367"}],"curies":[{"name":"wp","href":"https:\/\/api.w.org\/{rel}","templated":true}]}}