{"id":386,"date":"2026-04-13T10:23:22","date_gmt":"2026-04-13T16:23:22","guid":{"rendered":"https:\/\/enunminutomx.com\/?p=386"},"modified":"2026-04-13T10:23:23","modified_gmt":"2026-04-13T16:23:23","slug":"sheinbaum-destaca-inversion-educativa-record-becas-benefician-a-20-millones","status":"publish","type":"post","link":"https:\/\/enunminutomx.com\/en\/sheinbaum-destaca-inversion-educativa-record-becas-benefician-a-20-millones\/","title":{"rendered":"Sheinbaum destaca inversi\u00f3n educativa r\u00e9cord: becas benefician a 20 millones"},"content":{"rendered":"<h2 class=\"wp-block-heading\">La presidenta defiende el impacto social de los apoyos econ\u00f3micos y anuncia una inversi\u00f3n sexenal proyectada en m\u00e1s de 1.1 billones de pesos.<\/h2>\n\n\n\n<p class=\"\">Durante la &#8220;Ma\u00f1anera del Pueblo&#8221; de este 13 de abril, la presidenta Claudia Sheinbaum Pardo resalt\u00f3 que su administraci\u00f3n ha consolidado una inversi\u00f3n hist\u00f3rica en el sistema de educaci\u00f3n p\u00fablica, logrando beneficiar a m\u00e1s de 20 millones de estudiantes mediante diversos programas de becas. La mandataria enfatiz\u00f3 que estos recursos no representan un gasto, sino una inversi\u00f3n estrat\u00e9gica que ha incidido directamente en la reducci\u00f3n de la deserci\u00f3n escolar, especialmente en los niveles de educaci\u00f3n b\u00e1sica y media superior. Ante las cr\u00edticas por el uso de los fondos, Sheinbaum defendi\u00f3 la responsabilidad de las familias, se\u00f1alando que el apoyo es fundamental para cubrir necesidades b\u00e1sicas como alimentaci\u00f3n, uniformes y \u00fatiles.<\/p>\n\n\n\n<p class=\"\">El secretario de Educaci\u00f3n, Mario Delgado, detall\u00f3 que la inversi\u00f3n proyectada para este rubro durante el sexenio alcanzar\u00e1 la cifra de 1,136,692 millones de pesos, un monto que casi triplica lo destinado en la administraci\u00f3n federal pasada. En una comparativa hist\u00f3rica, el funcionario evidenci\u00f3 el rezago de periodos anteriores, contrastando la visi\u00f3n actual con las inversiones significativamente menores realizadas desde el a\u00f1o 2000. Actualmente, el Gobierno Federal otorga 129.5 millones de becas acumuladas, lo que representa una cobertura casi cinco veces mayor a la registrada hace tres d\u00e9cadas, consolidando a la educaci\u00f3n como el eje central de la transformaci\u00f3n nacional.<\/p>\n\n\n\n<p class=\"\">El sistema de apoyos se diversifica en programas clave como la Beca Rita Cetina para nivel primaria, que otorga un pago anual de 2,500 pesos para \u00fatiles, y la Beca Universal Benito Ju\u00e1rez, que entrega 1,900 pesos bimestrales a estudiantes de preparatoria. Adem\u00e1s, se destac\u00f3 el fortalecimiento de la infraestructura y la mejora de las condiciones salariales de los docentes. La presidenta adelant\u00f3 que pr\u00f3ximamente se realizar\u00e1 un estudio para evaluar formalmente el impacto de la beca Rita Cetina a un a\u00f1o de su implementaci\u00f3n, con el objetivo de seguir garantizando que la educaci\u00f3n p\u00fablica sea la opci\u00f3n de mayor calidad para todas las ni\u00f1as y ni\u00f1os del pa\u00eds.<\/p>","protected":false},"excerpt":{"rendered":"<p>La presidenta defiende el impacto social de los apoyos econ\u00f3micos y anuncia una inversi\u00f3n sexenal proyectada en m\u00e1s de 1.1 billones de pesos. Durante la &#8220;Ma\u00f1anera del Pueblo&#8221; de este 13 de abril, la presidenta Claudia Sheinbaum Pardo resalt\u00f3 que su administraci\u00f3n ha consolidado una inversi\u00f3n hist\u00f3rica en el sistema de educaci\u00f3n p\u00fablica, logrando beneficiar [&hellip;]<\/p>\n","protected":false},"author":1,"featured_media":387,"comment_status":"open","ping_status":"open","sticky":false,"template":"","format":"standard","meta":{"nf_dc_page":"","footnotes":""},"categories":[7,21,10],"tags":[],"class_list":{"0":"post-386","1":"post","2":"type-post","3":"status-publish","4":"format-standard","5":"has-post-thumbnail","7":"category-bienestar","8":"category-gobierno","9":"category-nacional"},"_links":{"self":[{"href":"https:\/\/enunminutomx.com\/en\/wp-json\/wp\/v2\/posts\/386","targetHints":{"allow":["GET"]}}],"collection":[{"href":"https:\/\/enunminutomx.com\/en\/wp-json\/wp\/v2\/posts"}],"about":[{"href":"https:\/\/enunminutomx.com\/en\/wp-json\/wp\/v2\/types\/post"}],"author":[{"embeddable":true,"href":"https:\/\/enunminutomx.com\/en\/wp-json\/wp\/v2\/users\/1"}],"replies":[{"embeddable":true,"href":"https:\/\/enunminutomx.com\/en\/wp-json\/wp\/v2\/comments?post=386"}],"version-history":[{"count":1,"href":"https:\/\/enunminutomx.com\/en\/wp-json\/wp\/v2\/posts\/386\/revisions"}],"predecessor-version":[{"id":388,"href":"https:\/\/enunminutomx.com\/en\/wp-json\/wp\/v2\/posts\/386\/revisions\/388"}],"wp:featuredmedia":[{"embeddable":true,"href":"https:\/\/enunminutomx.com\/en\/wp-json\/wp\/v2\/media\/387"}],"wp:attachment":[{"href":"https:\/\/enunminutomx.com\/en\/wp-json\/wp\/v2\/media?parent=386"}],"wp:term":[{"taxonomy":"category","embeddable":true,"href":"https:\/\/enunminutomx.com\/en\/wp-json\/wp\/v2\/categories?post=386"},{"taxonomy":"post_tag","embeddable":true,"href":"https:\/\/enunminutomx.com\/en\/wp-json\/wp\/v2\/tags?post=386"}],"curies":[{"name":"wp","href":"https:\/\/api.w.org\/{rel}","templated":true}]}}